{
    "title": "THE INSTITUTE lanseaz\u0103 Bucharest Design Festival",
    "modified_at": "2026-04-29 08:25:16",
    "published_at": "2026-02-24 08:00:00",
    "url": "https://news.lazarbara.ro/the-institute-lanseaza-bucharest-design-festival",
    "short_url": "http://prez.ly/267d",
    "culture": "en",
    "language": "EN",
    "subtitle": "Cel mai mare festival creativ din \u0219i pentru Bucure\u0219ti",
    "slug": "the-institute-lanseaza-bucharest-design-festival",
    "body": "<a href=\"https://www.institute.ro/bucharestdesignfestival\"\n        target=\"_blank\" rel=\"noreferrer noopener\"\n        class=\"story-content-button-block story-content-button-block--wide story-content-button-block--primary\">\n    Full festival info here</a>\n<p>&nbsp;</p><p><strong>Cu o experien\u021b\u0103 de peste 25 de ani &icirc;n dezvoltarea Mi\u0219c\u0103rii Industriilor Creative din Rom&acirc;nia, Funda\u021bia THE INSTITUTE lanseaz\u0103 Bucharest Design Festival (BDF), o celebrare a designului \u0219i a rolului acestuia &icirc;n conectarea ora\u0219ului cu oamenii. Evenimentul exploreaz\u0103 \u0219i promoveaz\u0103 \u200b \u200b intersec\u021biile dintre design, ora\u0219 \u0219i oameni, reunind, timp de o lun\u0103, profesioni\u0219ti, creatori emergen\u021bi, organiza\u021bii, comunit\u0103\u021bi \u0219i publicul larg &icirc;ntr-un program complex de expozi\u021bii \u0219i evenimente desf\u0103\u0219urate &icirc;n peste 100 de loca\u021bii din Bucure\u0219ti.</strong></p><p>&nbsp;</p><p><strong>&Icirc;ntre 20 mai \u0219i 21 iunie 2026</strong>, festivalul reune\u0219te, &icirc;ntr-un cadru unitar, proiectele iconice THE INSTITUTE: Romanian Design Week, DIPLOMA Show \u0219i Cartierul Creativ, al\u0103turi de formate \u0219i ini\u021biative noi. </p><p>&nbsp;</p><h3 id=\"de-ce-este-nevoie-de-bucharest-design-festival-bdf\" ><strong>De ce este nevoie de Bucharest Design Festival (BDF)</strong></h3><p>Bucure\u0219tiul este un ora\u0219 definit de paradoxuri, contraste \u0219i intersec\u021bii, cu un poten\u021bial urban &icirc;nc\u0103 &icirc;n curs de valorificare. De\u0219i scena local\u0103 este dinamic\u0103 \u0219i relevant\u0103, energiile creative r\u0103m&acirc;n adesea dispersate, iar ora\u0219ului &icirc;i lipse\u0219te un moment unificator, recognoscibil la nivel na\u021bional, care s\u0103 conecteze aceste ini\u021biative &icirc;ntr-o platform\u0103 coerent\u0103.</p><p>Bucharest Design Festival apare ca r\u0103spuns la aceast\u0103 realitate. Un festival creat din energia ora\u0219ului, construit pe o funda\u021bie de peste 25 de ani de experien\u021b\u0103, care transform\u0103 designul &icirc;ntr-un instrument strategic de conectare &icirc;ntre locuitori, comunit\u0103\u021bi \u0219i spa\u021biul urban.</p><p>&Icirc;n acest context, THE INSTITUTE &icirc;\u0219i asum\u0103 un parcurs firesc: de la expertiza &icirc;n design de proiect &ndash; unde fiecare interven\u021bie modeleaz\u0103 spa\u021bii, procese \u0219i experien\u021be &ndash; la ini\u021bierea <strong>Bucharest Design Festival</strong> ca platform\u0103 de convergen\u021b\u0103 \u0219i dialog, pentru a ajunge la un nivel mai profund: designul rela\u021biei dintre Bucure\u0219ti \u0219i bucure\u0219teni. </p><p>&nbsp;</p><h3 id=\"made-of-bucharest-connected-by-design\" ><strong>Made of Bucharest. Connected by Design</strong></h3><p>Pentru a marca lansarea festivalului, THE INSTITUTE prezint\u0103 un video manifesto, o declara\u021bie vizual\u0103 despre poten\u021bialul creativ pe care Bucure\u0219tiul \u200b &icirc;l are. Video-ul este disponibil pe canalele oficiale ale festivalului \u0219i completeaz\u0103 mesajul &bdquo;Made of Bucharest. Connected by Design.&rdquo;</p><div id=\"video-7b4bc432-e3ab-4a4d-b947-7b282e29d64f\" class=\"release-content-video release-content-video--embed release-content-video--contained\">\n    <div><div style=\"left: 0; width: 100%; height: 0; position: relative; padding-bottom: 56.25%;\"><iframe data-iframely-url=\"https://cdn.iframe.ly/api/iframe?url=https%3A%2F%2Fwww.youtube.com%2Fwatch%3Fv%3D6oyFDLWn_XI%23_cb1772180218&key=8fe6cdec03482ac31f27a6ae8ea2fb3f\" data-img style=\"top: 0; left: 0; width: 100%; height: 100%; position: absolute; border: 0;\" allowfullscreen scrolling=\"no\" allow=\"accelerometer *; clipboard-write *; encrypted-media *; gyroscope *; picture-in-picture *; web-share *;\"></iframe></div></div><script async src=\"https://cdn.iframe.ly/embed.js\" charset=\"utf-8\"></script>\n</div><p>&nbsp;</p><blockquote>&ldquo;<em>Bucharest Design Festival este festivalul de design care se putea na\u0219te doar aici, &icirc;n \u0219i din Bucure\u0219ti - ora\u0219ul contrastelor, tensiunilor \u0219i intersec\u021biilor nea\u0219teptate. Bucure\u0219ti este ora\u0219 context, dar \u0219i catalizator. Un loc &icirc;n care Estul \u0219i Vestul, vechiul \u0219i noul, func\u021bionalul \u0219i haosul se ciocnesc \u0219i aprind mereu idei noi.</em><em><strong> </strong></em><em>&Icirc;n acest context, BDF func\u021bioneaz\u0103 ca un proiect strategic pentru Bucure\u0219ti, care conecteaz\u0103 comunit\u0103\u021bi, industrii \u0219i idei, pentru a stimula o cultur\u0103 a designului ca limbaj comun.</em>&rdquo; <strong>Andrei Bor\u021bun, CEO Funda\u021bia THE INSTITUTE</strong></blockquote><p>&nbsp;</p><h3 id=\"fundamentul-un-ecosistem-construit-in-peste-25-de-ani\" ><strong>Fundamentul: un ecosistem construit &icirc;n peste 25 de ani</strong></h3><p>BDF este rezultatul unui ecosistem construit de Funda\u021bia THE INSTITUTE, &icirc;n peste 25 de ani de proiecte care au redefinit scena creativ\u0103 local\u0103 \u0219i au contribuit la modernizarea infrastructurii culturale din Rom&acirc;nia.</p><ul class=\"release-content-list release-content-list--bulleted release-content-list--align-inherit\"><li><span><strong>13 ani de Romanian Design Week: Platforma profesionistilor din design.</strong> RDW a devenit un reper regional pentru excelen\u021ba &icirc;n design \u0219i un model de accesibilizare a culturii vizuale pentru un public larg.</span></li><li><span><strong>12 ani de DIPLOMA Show: Comunitatea arti\u0219tilor, designerilor \u0219i arhitec\u021bilor emergenti.</strong> DIPLOMA Show contribuie la consolidarea unei noi genera\u021bii de lideri creativi. </span></li><li><span><strong>9 ani de Cartierul Creativ: Programul care folose\u0219te talentul \u0219i for\u021ba comunit\u0103\u021bilor creative pentru un Bucure\u0219ti mai bun.</strong> Un proiect de regenerare urban\u0103 dezvoltat &icirc;n centrul Bucure\u0219tiului, care activeaz\u0103 comunit\u0103\u021bi, organiza\u021bii \u0219i spa\u021bii culturale &icirc;ntr-un ecosistem creativ coerent.</span></li></ul><p>Prin aceste ini\u021biative, THE INSTITUTE a consolidat o comunitate format\u0103 din antreprenori, profesioni\u0219ti \u0219i public pasionat de industriile creative, sus\u021bin&acirc;nd interesele acestora &icirc;n rela\u021bia cu institu\u021biile statului \u0219i cu organiza\u021bii interna\u021bionale. </p><p>Bucharest Design Festival reprezint\u0103, a\u0219adar, urm\u0103torul pas \u200b \u0219i devine cel mai mare festival creativ din \u0219i pentru Bucure\u0219ti, cu scopul de a conecta \u0219i amplifica aceste ini\u021biative &icirc;ntr-un moment important pentru ora\u0219.</p>\n    <figure\n        class=\"release-content-image release-content-image--contained release-content-image--align-center\"\n        data-component=\"image-zoom-popup\"\n        data-image-zoom-popup-selector=\".release-content-image__image\"\n        data-image-zoom-popup-i18n=\"data:application/json;base64,eyJEb3dubG9hZCI6IkRvd25sb2FkIn0=\"\n        data-image-zoom-popup-tracking-views-event=\"Story Image View\"\n        data-image-zoom-popup-tracking-download-event=\"Story Image Download\"\n        data-image-zoom-popup-placement=\"content\"\n    >\n        <div class=\"image-thumbnail-rollover\" style=\"width: 100%\">\n            <img\n                src=\"https://cdn.uc.assets.prezly.com/74f75f09-c521-44e1-9fc7-f1f2014ab571/-/resize/1200x/-/format/auto/\"\n                                    srcset=\"https://cdn.uc.assets.prezly.com/74f75f09-c521-44e1-9fc7-f1f2014ab571/-/resize/1200x/-/format/auto/ 1x, https://cdn.uc.assets.prezly.com/74f75f09-c521-44e1-9fc7-f1f2014ab571/-/resize/2400x/-/format/auto/ 2x\"\n                                class=\"release-content-image__image image-thumbnail-rollover__image\"\n                data-description=\"DIPLOMA Show 2025 by Mihai Ciobanu\"\n                id=\"image-74f75f09-c521-44e1-9fc7-f1f2014ab571\"\n                data-id=\"74f75f09-c521-44e1-9fc7-f1f2014ab571\"\n                data-original=\"https://cdn.uc.assets.prezly.com/74f75f09-c521-44e1-9fc7-f1f2014ab571/-/inline/no/DIPLOMA+Show+2025+by-mihai-ciobanu.jpg\"\n                data-mfp-src=\"https://cdn.uc.assets.prezly.com/74f75f09-c521-44e1-9fc7-f1f2014ab571/-/resize/1200x/-/format/auto/\"\n                alt=\"DIPLOMA Show 2025 by Mihai Ciobanu\"\n            />\n            <div class=\"image-thumbnail-rollover__caption\">\n                <svg class=\"icon icon-expand image-thumbnail-rollover__caption-icon\">\n                <use xlink:href=\"#icon-expand\"></use>\n            </svg>            </div>\n        </div>\n\n        <figcaption class=\"release-content-image__caption\">DIPLOMA Show 2025 by Mihai Ciobanu</figcaption>\n    </figure>\n<p><strong>Prima edi\u021bie a festivalului prezint\u0103 6 formate</strong>, fiecare organizat &icirc;n sec\u021biuni \u0219i microzone din Bucure\u0219ti, care includ expozi\u021bii \u0219i evenimente dedicate:</p><h3 id=\"structura-bucharest-design-festival\" ><strong>Structura Bucharest Design Festival</strong></h3><ul class=\"release-content-list release-content-list--bulleted release-content-list--align-inherit\"><li><span><strong>BDF Highlights</strong> <strong>- Branding Romania Through Creativity:</strong> \u200b aduce &icirc;n prim-plan creatori \u0219i proiecte care reprezint\u0103 Rom&acirc;nia peste hotare \u0219i demonstreaz\u0103 cum creativitatea local\u0103 devine un ambasador cultural puternic al \u021b\u0103rii.</span></li><li><span><strong>BDF Professional</strong> - continu\u0103 preocuparea Romanian Design Week pentru sus\u021binerea \u0219i dezvoltarea practicilor de design \u0219i arhitectur\u0103. Sunt organizate expozi\u021bii de design local \u0219i interna\u021bional, au loc dialoguri profesionale, iar designeri, arhitec\u021bi, studiouri \u0219i organiza\u021bii &icirc;\u0219i prezint\u0103 proiectele \u0219i viziunea pentru o mai bun\u0103 calitate a vie\u021bii, f\u0103c&acirc;ndu-le vizibile unui public larg.</span></li><li><span><strong>BDF Young </strong>- continu\u0103 misiunea DIPLOMA Show de a oferi o scen\u0103 noii genera\u021bii de creativi. Formatul de anul acesta este construit &icirc;n jurul unei<strong> </strong>expozi\u021bii ample care cartografiaza traseul profesional al unor fo\u0219ti expozan\u021bi DIPLOMA Show, coment&acirc;nd modul &icirc;n care anii post-absolvire le-au modelat identitatea artistic\u0103 \u0219i parcursul profesional.</span></li><li><span><strong>BDF Communities - </strong>semnat de Cartierul Creativ, pune accent pe colaborare \u0219i pe energia comunit\u0103\u021bilor creative care modeleaz\u0103 identitatea urban\u0103. Programul activeaz\u0103 ora\u0219ul prin interven\u021bii urbane \u0219i expozi\u021bii curatoriate &icirc;n trei microzone: Amzei, Grivi\u021ba \u0219i Brezoianu.</span></li><li><span><strong>BDF Satellites</strong> - vine cu o selec\u021bie de ini\u021biative independente, care completeaz\u0103 programul central \u0219i extinde prezen\u021ba festivalului &icirc;n ora\u0219. Prin integrarea lor, BDF ofer\u0103 bucure\u0219tenilor \u0219i turi\u0219tilor un motiv suplimentar de a-\u0219i planifica un city break cultural &icirc;n Bucure\u0219ti.</span></li><li><span><strong>BDF GO!</strong> - un format care conecteaz\u0103 peste 100 de showroom-uri, galerii, hub-uri creative, studiouri, organiza\u021bii culturale \u0219i business-uri locale &icirc;ntr-un traseu urban dinamic.</span></li></ul><hr /><p>Mai multe informa\u021bii sunt disponibile pe canalele oficiale ale festivalului.</p><div id=\"bookmark-d913d5ac-7c1d-4274-9fec-174f7181d0de\"\n     class=\"release-content-bookmark release-content-bookmark--horizontal\">\n\n    \n    <div class=\"release-content-bookmark__details\">\n\n                    <a class=\"release-content-bookmark__title\"\n               href=\"https://institute.ro/bucharestdesignfestival\"\n               rel=\"noopener noreferrer\"\n               target=\"_blank\"               data-type=\"bookmark\"\n               data-track=\"Story WebBookmark Click\"\n               data-placement=\"content\"\n               data-id=\"d913d5ac-7c1d-4274-9fec-174f7181d0de\"\n           >\n                The Institute            </a>\n        \n                    <div class=\"release-content-bookmark__description\">\n                Mi\u0219carea Industriilor Creative din Rom\u00e2nia            </div>\n        \n        <a href=\"https://www.institute.ro/\"\n           target=\"_blank\"\n           rel=\"noreferrer noopener\"\n           class=\"release-content-bookmark__provider\"\n        >\n            <img class=\"release-content-bookmark__provider-icon\" src=\"https://avatars.prezly.com/favicon?url=https%3A%2F%2Fwww.institute.ro%2Fbucharestdesignfestival&newsroom=4f14b81e-b840-4629-a24b-eec77a7d4838\" aria-hidden=\"true\" />\n            The Institute        </a>\n    </div>\n</div>\n<div id=\"bookmark-58510f8a-7638-427e-80ac-6724cb083550\"\n     class=\"release-content-bookmark release-content-bookmark--horizontal\">\n\n            <a class=\"release-content-bookmark__thumbnail\"\n           href=\"https://www.instagram.com/bucharestdesignfestival/\"\n           rel=\"noopener noreferrer\"\n           target=\"_blank\"           style=\"background-image: url(https://prezly.imgix.net/https%3A%2F%2Fscontent-iad6-1.cdninstagram.com%2Fv%2Ft51.82787-19%2F640325040_18036621086567392_7523826831118007361_n.jpg%3Fstp%3Ddst-jpg_s100x100_tt6%26_nc_cat%3D100%26ccb%3D7-5%26_nc_sid%3Dbf7eb4%26efg%3DeyJ2ZW5jb2RlX3RhZyI6InByb2ZpbGVfcGljLnd3dy4xMDgwLkMzIn0%253D%26_nc_ohc%3DRd4XK4eG1CEQ7kNvwHeuhv6%26_nc_oc%3DAdoha9-snFy_0rmybHV4PFgzeXEf54KOqc5Xpvu7b04bQAfIqI5fugHeKeWTerFxlEE%26_nc_zt%3D24%26_nc_ht%3Dscontent-iad6-1.cdninstagram.com%26_nc_gid%3DhuIsKNVhnzkQkbrYgSODqw%26_nc_ss%3D7f60f%26oh%3D00_Af22dM8J17kbiIYnfNBh9FgSO5buTkfQGnRIeIvRNdX1CQ%26oe%3D69F67159?ar=1%3A1&amp;fit=crop&amp;s=61d40ebbb14cfa92eccf3529b3f72243)\"\n        ></a>\n    \n    <div class=\"release-content-bookmark__details\">\n\n                    <a class=\"release-content-bookmark__title\"\n               href=\"https://www.instagram.com/bucharestdesignfestival/\"\n               rel=\"noopener noreferrer\"\n               target=\"_blank\"               data-type=\"bookmark\"\n               data-track=\"Story WebBookmark Click\"\n               data-placement=\"content\"\n               data-id=\"58510f8a-7638-427e-80ac-6724cb083550\"\n           >\n                Bucharest Design Festival (@bucharestdesignfestival) \u2022 Instagram profile            </a>\n        \n                    <div class=\"release-content-bookmark__description\">\n                2,010 Followers, 5 Following, 33 Posts - See Instagram photos and videos from Bucharest Design Festival (@bucharestdesignfestival)            </div>\n        \n        <a href=\"https://www.instagram.com/\"\n           target=\"_blank\"\n           rel=\"noreferrer noopener\"\n           class=\"release-content-bookmark__provider\"\n        >\n            <img class=\"release-content-bookmark__provider-icon\" src=\"https://avatars.prezly.com/favicon?url=https%3A%2F%2Fwww.instagram.com%2Fbucharestdesignfestival%2F&newsroom=4f14b81e-b840-4629-a24b-eec77a7d4838\" aria-hidden=\"true\" />\n            www.instagram.com        </a>\n    </div>\n</div>\n<div id=\"bookmark-960b7c9f-e779-49e8-a8c5-2608dcaad359\"\n     class=\"release-content-bookmark release-content-bookmark--horizontal\">\n\n    \n    <div class=\"release-content-bookmark__details\">\n\n                    <a class=\"release-content-bookmark__title\"\n               href=\"https://www.facebook.com/bucharestdesignfestival/\"\n               rel=\"noopener noreferrer\"\n               target=\"_blank\"               data-type=\"bookmark\"\n               data-track=\"Story WebBookmark Click\"\n               data-placement=\"content\"\n               data-id=\"960b7c9f-e779-49e8-a8c5-2608dcaad359\"\n           >\n                facebook.com/bucharestdesignfestival            </a>\n        \n        \n        <a href=\"https://www.facebook.com/\"\n           target=\"_blank\"\n           rel=\"noreferrer noopener\"\n           class=\"release-content-bookmark__provider\"\n        >\n            <img class=\"release-content-bookmark__provider-icon\" src=\"https://avatars.prezly.com/favicon?url=https%3A%2F%2Fwww.facebook.com%2Fbucharestdesignfestival%2F&newsroom=4f14b81e-b840-4629-a24b-eec77a7d4838\" aria-hidden=\"true\" />\n            www.facebook.com        </a>\n    </div>\n</div>\n<hr /><div class=\"release-content-embed release-content-embed--rich release-content-embed--contained\" id=\"embed-d9dd55a0-c4a2-4d6d-96af-d9e57a4edc6e\"><div style=\"max-width: 660px;\"><div style=\"left: 0; width: 100%; height: 0; position: relative; padding-bottom: 63%; padding-top: 284px;\"><iframe data-iframely-url=\"https://cdn.iframe.ly/api/iframe?app=1&url=https%3A%2F%2Fwww.instagram.com%2Fbucharestdesignfestival%2Freel%2FDVIx0JZiA1K%2F%23_cb1772180498&key=8fe6cdec03482ac31f27a6ae8ea2fb3f\" style=\"top: 0; left: 0; width: 100%; height: 100%; position: absolute; border: 0;\" allowfullscreen></iframe></div></div><script async src=\"https://cdn.iframe.ly/embed.js\" charset=\"utf-8\"></script></div><hr /><h3 id=\"despre-fundatia-the-institute\" ><strong>Despre Funda\u021bia THE INSTITUTE</strong></h3><p><strong>Funda\u021bia THE INSTITUTE</strong> contribuie la procesul de modernizare a Rom&acirc;niei prin promovarea industriilor creative \u0219i a societ\u0103\u021bii civile. Cu o experien\u021b\u0103 de peste 25 de ani, funda\u021bia a construit re\u021bele, platforme si ecosisteme durabile, conect&acirc;nd industriile creative cu mediul administrativ guvernamental, mediul academic \u0219i publicul larg. Printre ini\u021biativele sale se num\u0103r\u0103 Bucharest Design Festival, Romanian Design Week, DIPLOMA Show, Cartierul Creativ, Gala Societ\u0103\u021bii Civile, Internetics, \u0219i ASAP Rom&acirc;nia. </p><p>&nbsp;</p><hr /><a href=\"https://drive.google.com/drive/folders/1OzIkZgzYekvyCGl4Nk4G2DQz7yXoKv9h?usp=share_link\"\n        target=\"_blank\" rel=\"noreferrer noopener\"\n        class=\"story-content-button-block story-content-button-block--wide story-content-button-block--primary\">\n    Descarc\u0103 materialele de pres\u0103</a>\n<p>&nbsp;</p><h3 id=\"contact\" ><strong>CONTACT</strong></h3><hr /><h3 id=\"press\" ><strong>PRESS</strong></h3><p><strong>LAZARBARA CREATIVE PR</strong></p><div class=\"release-content-contact\" id=\"contact-a56f97d3-6797-49d9-89d0-af4a5e856adb\">\n    <div class=\"release-content-contact__avatar\"><img src=\"https://cdn.uc.assets.prezly.com/f19bc5df-84e3-4d4b-9cf4-42b2b90e6b23/-/scale_crop/128x128/center/-/format/auto/\" alt=\"Andreea Bara\" class=\"release-content-contact__avatar-image\" /></div>\n    <div class=\"release-content-contact__details\">\n        <strong class=\"release-content-contact__name\">Andreea Bara</strong>\n        <em class=\"release-content-contact__description\">Managing Partner, LazarBara Creative PR</em>\n        <ul class=\"release-content-contact__details-list\"><li class=\"release-content-contact__details-list-item\"><a href=\"mailto:andreea@lazarabara.ro\"  class=\"release-content-contact__details-list-item-link\" title=\"andreea@lazarabara.ro\"><svg class=\"icon icon-paper-plane release-content-contact__details-list-item-icon\">\n                <use xlink:href=\"#icon-paper-plane\"></use>\n            </svg>andreea@lazarabara.ro</a></li>\n<li class=\"release-content-contact__details-list-item\"><a href=\"tel:+40 744 602 818\"  class=\"release-content-contact__details-list-item-link\" title=\"+40 744 602 818\"><svg class=\"icon icon-mobile release-content-contact__details-list-item-icon\">\n                <use xlink:href=\"#icon-mobile\"></use>\n            </svg>+40 744 602 818</a></li>\n<li class=\"release-content-contact__details-list-item\"><a href=\"https://lazarbara.ro\" target=\"_blank\" rel=\"noopener noreferrer\" class=\"release-content-contact__details-list-item-link\" title=\"lazarbara.ro\"><svg class=\"icon icon-browser release-content-contact__details-list-item-icon\">\n                <use xlink:href=\"#icon-browser\"></use>\n            </svg>lazarbara.ro</a></li></ul>\n    </div>\n</div><p>&nbsp;</p><h3 id=\"fundatia-the-institute\" ><strong>Funda\u021bia THE INSTITUTE</strong></h3><p><strong>Raluca MIREL</strong></p><p>Director Bucharest Design Festival (BDF)<br>\u200b</p><p><strong>Diana SUM\u0102NARU</strong></p><p>Head of Brand Communications THE INSTITUTE</p><hr />\n    <figure\n        class=\"release-content-image release-content-image--contained release-content-image--align-center\"\n        data-component=\"image-zoom-popup\"\n        data-image-zoom-popup-selector=\".release-content-image__image\"\n        data-image-zoom-popup-i18n=\"data:application/json;base64,eyJEb3dubG9hZCI6IkRvd25sb2FkIn0=\"\n        data-image-zoom-popup-tracking-views-event=\"Story Image View\"\n        data-image-zoom-popup-tracking-download-event=\"Story Image Download\"\n        data-image-zoom-popup-placement=\"content\"\n    >\n        <div class=\"image-thumbnail-rollover\" style=\"width: 100%\">\n            <img\n                src=\"https://cdn.uc.assets.prezly.com/581fdce2-3fab-4190-9ab5-a5b9b49cf8f9/-/resize/1200x/-/format/auto/\"\n                                    srcset=\"https://cdn.uc.assets.prezly.com/581fdce2-3fab-4190-9ab5-a5b9b49cf8f9/-/resize/1200x/-/format/auto/ 1x, https://cdn.uc.assets.prezly.com/581fdce2-3fab-4190-9ab5-a5b9b49cf8f9/-/resize/2400x/-/format/auto/ 2x\"\n                                class=\"release-content-image__image image-thumbnail-rollover__image\"\n                data-description=\"\"\n                id=\"image-581fdce2-3fab-4190-9ab5-a5b9b49cf8f9\"\n                data-id=\"581fdce2-3fab-4190-9ab5-a5b9b49cf8f9\"\n                data-original=\"https://cdn.uc.assets.prezly.com/581fdce2-3fab-4190-9ab5-a5b9b49cf8f9/-/inline/no/2.+BDF_Main+KV_5760x3240.png\"\n                data-mfp-src=\"https://cdn.uc.assets.prezly.com/581fdce2-3fab-4190-9ab5-a5b9b49cf8f9/-/resize/1200x/-/format/auto/\"\n                alt=\"Story image\"\n            />\n            <div class=\"image-thumbnail-rollover__caption\">\n                <svg class=\"icon icon-expand image-thumbnail-rollover__caption-icon\">\n                <use xlink:href=\"#icon-expand\"></use>\n            </svg>            </div>\n        </div>\n\n        <figcaption class=\"release-content-image__caption\"></figcaption>\n    </figure>\n<div\n    id='gallery-027bda9b-4cf8-4bc2-902e-971226f2c046'\n    class='release-content-gallery release-content-gallery--layout-contained'\n    data-component='chromatic-gallery,image-zoom-popup'\n    data-chromatic-gallery-padding='S'\n    data-chromatic-gallery-thumbnail-size='S'\n    data-chromatic-gallery-captions='data:application/json,true'\n    data-chromatic-gallery-photos='data:application/json;base64,W3siaWQiOiJhOTk2NjQ1MS1jNmUwLTRkNjAtYTg0MS02YjExNmIxNmEzMTAiLCJzcmMiOiJodHRwczpcL1wvY2RuLnVjLmFzc2V0cy5wcmV6bHkuY29tXC9hOTk2NjQ1MS1jNmUwLTRkNjAtYTg0MS02YjExNmIxNmEzMTBcLy1cL3ByZXZpZXdcLzExMDh4MTEwOFwvLVwvZm9ybWF0XC9hdXRvXC8iLCJhc3BlY3RfcmF0aW8iOjEuNTAwMzY2MzAwMzY2MzAwNCwiY2FwdGlvbiI6bnVsbCwiYXR0cmlidXRlcyI6eyJpZCI6ImdhbGxlcnktaW1hZ2UtYTk5NjY0NTEtYzZlMC00ZDYwLWE4NDEtNmIxMTZiMTZhMzEwIiwiZGF0YS1pZCI6ImE5OTY2NDUxLWM2ZTAtNGQ2MC1hODQxLTZiMTE2YjE2YTMxMCIsImRhdGEtbWZwLXNyYyI6Imh0dHBzOlwvXC9jZG4udWMuYXNzZXRzLnByZXpseS5jb21cL2E5OTY2NDUxLWM2ZTAtNGQ2MC1hODQxLTZiMTE2YjE2YTMxMFwvLVwvcHJldmlld1wvMTIwMHgxMjAwXC8tXC9mb3JtYXRcL2F1dG9cLyIsImRhdGEtZGVzY3JpcHRpb24iOm51bGwsImRhdGEtb3JpZ2luYWwiOiJodHRwczpcL1wvY2RuLnVjLmFzc2V0cy5wcmV6bHkuY29tXC9hOTk2NjQ1MS1jNmUwLTRkNjAtYTg0MS02YjExNmIxNmEzMTBcLy1cL2lubGluZVwvbm9cL1JEVytQaWF0YStBbXplaSsuanBnIn19LHsiaWQiOiI2ODFiYmU0Zi1iOGZlLTRkMmMtODYxZC1jMTMwYTZmOWY2ODEiLCJzcmMiOiJodHRwczpcL1wvY2RuLnVjLmFzc2V0cy5wcmV6bHkuY29tXC82ODFiYmU0Zi1iOGZlLTRkMmMtODYxZC1jMTMwYTZmOWY2ODFcLy1cL3ByZXZpZXdcLzExMDh4MTEwOFwvLVwvZm9ybWF0XC9hdXRvXC8iLCJhc3BlY3RfcmF0aW8iOjEuNDk5ODEyNTIzNDM0NTcwNywiY2FwdGlvbiI6bnVsbCwiYXR0cmlidXRlcyI6eyJpZCI6ImdhbGxlcnktaW1hZ2UtNjgxYmJlNGYtYjhmZS00ZDJjLTg2MWQtYzEzMGE2ZjlmNjgxIiwiZGF0YS1pZCI6IjY4MWJiZTRmLWI4ZmUtNGQyYy04NjFkLWMxMzBhNmY5ZjY4MSIsImRhdGEtbWZwLXNyYyI6Imh0dHBzOlwvXC9jZG4udWMuYXNzZXRzLnByZXpseS5jb21cLzY4MWJiZTRmLWI4ZmUtNGQyYy04NjFkLWMxMzBhNmY5ZjY4MVwvLVwvcHJldmlld1wvMTIwMHgxMjAwXC8tXC9mb3JtYXRcL2F1dG9cLyIsImRhdGEtZGVzY3JpcHRpb24iOm51bGwsImRhdGEtb3JpZ2luYWwiOiJodHRwczpcL1wvY2RuLnVjLmFzc2V0cy5wcmV6bHkuY29tXC82ODFiYmU0Zi1iOGZlLTRkMmMtODYxZC1jMTMwYTZmOWY2ODFcLy1cL2lubGluZVwvbm9cL1JEVysyMDI1LmpwZyJ9fSx7ImlkIjoiNDAxMDQzNDctNzAwNC00Njg3LWIyZjMtM2VlZjMyYTAwYzU3Iiwic3JjIjoiaHR0cHM6XC9cL2Nkbi51Yy5hc3NldHMucHJlemx5LmNvbVwvNDAxMDQzNDctNzAwNC00Njg3LWIyZjMtM2VlZjMyYTAwYzU3XC8tXC9wcmV2aWV3XC8xMTA4eDExMDhcLy1cL2Zvcm1hdFwvYXV0b1wvIiwiYXNwZWN0X3JhdGlvIjoxLjQ5OTgxMjUyMzQzNDU3MDcsImNhcHRpb24iOm51bGwsImF0dHJpYnV0ZXMiOnsiaWQiOiJnYWxsZXJ5LWltYWdlLTQwMTA0MzQ3LTcwMDQtNDY4Ny1iMmYzLTNlZWYzMmEwMGM1NyIsImRhdGEtaWQiOiI0MDEwNDM0Ny03MDA0LTQ2ODctYjJmMy0zZWVmMzJhMDBjNTciLCJkYXRhLW1mcC1zcmMiOiJodHRwczpcL1wvY2RuLnVjLmFzc2V0cy5wcmV6bHkuY29tXC80MDEwNDM0Ny03MDA0LTQ2ODctYjJmMy0zZWVmMzJhMDBjNTdcLy1cL3ByZXZpZXdcLzEyMDB4MTIwMFwvLVwvZm9ybWF0XC9hdXRvXC8iLCJkYXRhLWRlc2NyaXB0aW9uIjpudWxsLCJkYXRhLW9yaWdpbmFsIjoiaHR0cHM6XC9cL2Nkbi51Yy5hc3NldHMucHJlemx5LmNvbVwvNDAxMDQzNDctNzAwNC00Njg3LWIyZjMtM2VlZjMyYTAwYzU3XC8tXC9pbmxpbmVcL25vXC9ESVBMT01BK1Nob3crMjAyNStieS1taWhhaS1jaW9iYW51LmpwZyJ9fSx7ImlkIjoiMzMxMjQwMjAtYTQ5Ni00OWI2LTg1Y2ItNTQ2M2MzM2M1MmRjIiwic3JjIjoiaHR0cHM6XC9cL2Nkbi51Yy5hc3NldHMucHJlemx5LmNvbVwvMzMxMjQwMjAtYTQ5Ni00OWI2LTg1Y2ItNTQ2M2MzM2M1MmRjXC8tXC9wcmV2aWV3XC8xMTA4eDExMDhcLy1cL2Zvcm1hdFwvYXV0b1wvIiwiYXNwZWN0X3JhdGlvIjoxLjUwMDE1MDAxNTAwMTUwMDEsImNhcHRpb24iOm51bGwsImF0dHJpYnV0ZXMiOnsiaWQiOiJnYWxsZXJ5LWltYWdlLTMzMTI0MDIwLWE0OTYtNDliNi04NWNiLTU0NjNjMzNjNTJkYyIsImRhdGEtaWQiOiIzMzEyNDAyMC1hNDk2LTQ5YjYtODVjYi01NDYzYzMzYzUyZGMiLCJkYXRhLW1mcC1zcmMiOiJodHRwczpcL1wvY2RuLnVjLmFzc2V0cy5wcmV6bHkuY29tXC8zMzEyNDAyMC1hNDk2LTQ5YjYtODVjYi01NDYzYzMzYzUyZGNcLy1cL3ByZXZpZXdcLzEyMDB4MTIwMFwvLVwvZm9ybWF0XC9hdXRvXC8iLCJkYXRhLWRlc2NyaXB0aW9uIjpudWxsLCJkYXRhLW9yaWdpbmFsIjoiaHR0cHM6XC9cL2Nkbi51Yy5hc3NldHMucHJlemx5LmNvbVwvMzMxMjQwMjAtYTQ5Ni00OWI2LTg1Y2ItNTQ2M2MzM2M1MmRjXC8tXC9pbmxpbmVcL25vXC9SRFcrMjAyNSsuanBnIn19LHsiaWQiOiI1ODFmZGNlMi0zZmFiLTQxOTAtOWFiNS1hNWI5YjQ5Y2Y4ZjkiLCJzcmMiOiJodHRwczpcL1wvY2RuLnVjLmFzc2V0cy5wcmV6bHkuY29tXC81ODFmZGNlMi0zZmFiLTQxOTAtOWFiNS1hNWI5YjQ5Y2Y4ZjlcLy1cL3ByZXZpZXdcLzExMDh4MTEwOFwvLVwvZm9ybWF0XC9hdXRvXC8iLCJhc3BlY3RfcmF0aW8iOjEuNzc3Nzc3Nzc3Nzc3Nzc3NywiY2FwdGlvbiI6bnVsbCwiYXR0cmlidXRlcyI6eyJpZCI6ImdhbGxlcnktaW1hZ2UtNTgxZmRjZTItM2ZhYi00MTkwLTlhYjUtYTViOWI0OWNmOGY5IiwiZGF0YS1pZCI6IjU4MWZkY2UyLTNmYWItNDE5MC05YWI1LWE1YjliNDljZjhmOSIsImRhdGEtbWZwLXNyYyI6Imh0dHBzOlwvXC9jZG4udWMuYXNzZXRzLnByZXpseS5jb21cLzU4MWZkY2UyLTNmYWItNDE5MC05YWI1LWE1YjliNDljZjhmOVwvLVwvcHJldmlld1wvMTIwMHgxMjAwXC8tXC9mb3JtYXRcL2F1dG9cLyIsImRhdGEtZGVzY3JpcHRpb24iOm51bGwsImRhdGEtb3JpZ2luYWwiOiJodHRwczpcL1wvY2RuLnVjLmFzc2V0cy5wcmV6bHkuY29tXC81ODFmZGNlMi0zZmFiLTQxOTAtOWFiNS1hNWI5YjQ5Y2Y4ZjlcLy1cL2lubGluZVwvbm9cLzIuK0JERl9NYWluK0tWXzU3NjB4MzI0MC5wbmcifX0seyJpZCI6IjE0MTVlMDc0LTEyNGYtNGM0Mi1iMDYyLWI3MDFlMjhjOGNlNyIsInNyYyI6Imh0dHBzOlwvXC9jZG4udWMuYXNzZXRzLnByZXpseS5jb21cLzE0MTVlMDc0LTEyNGYtNGM0Mi1iMDYyLWI3MDFlMjhjOGNlN1wvLVwvcHJldmlld1wvMTEwOHgxMTA4XC8tXC9mb3JtYXRcL2F1dG9cLyIsImFzcGVjdF9yYXRpbyI6Mi4yNjk2MjkwNzE3Mzc5MDI0LCJjYXB0aW9uIjpudWxsLCJhdHRyaWJ1dGVzIjp7ImlkIjoiZ2FsbGVyeS1pbWFnZS0xNDE1ZTA3NC0xMjRmLTRjNDItYjA2Mi1iNzAxZTI4YzhjZTciLCJkYXRhLWlkIjoiMTQxNWUwNzQtMTI0Zi00YzQyLWIwNjItYjcwMWUyOGM4Y2U3IiwiZGF0YS1tZnAtc3JjIjoiaHR0cHM6XC9cL2Nkbi51Yy5hc3NldHMucHJlemx5LmNvbVwvMTQxNWUwNzQtMTI0Zi00YzQyLWIwNjItYjcwMWUyOGM4Y2U3XC8tXC9wcmV2aWV3XC8xMjAweDEyMDBcLy1cL2Zvcm1hdFwvYXV0b1wvIiwiZGF0YS1kZXNjcmlwdGlvbiI6bnVsbCwiZGF0YS1vcmlnaW5hbCI6Imh0dHBzOlwvXC9jZG4udWMuYXNzZXRzLnByZXpseS5jb21cLzE0MTVlMDc0LTEyNGYtNGM0Mi1iMDYyLWI3MDFlMjhjOGNlN1wvLVwvaW5saW5lXC9ub1wvQ2FydGllcnVsK0NyZWF0aXZfQW16ZWkuanBnIn19XQ=='\n    data-chromatic-gallery-force-full-width='data:application/json,true'\n    data-chromatic-gallery-expand-icon='data:text/plain;base64,PHN2ZyBjbGFzcz0iaWNvbiBpY29uLWV4cGFuZCI+CiAgICAgICAgICAgICAgICA8dXNlIHhsaW5rOmhyZWY9IiNpY29uLWV4cGFuZCI+PC91c2U+CiAgICAgICAgICAgIDwvc3ZnPg=='\n    data-image-zoom-popup-selector='.chromatic-gallery__photo'\n    data-image-zoom-popup-i18n='data:application/json;base64,eyJEb3dubG9hZCI6IkRvd25sb2FkIn0='\n    data-image-zoom-popup-tracking-view-event='Story Image View'\n    data-image-zoom-popup-tracking-download-event='Story Image Download'\n    data-image-zoom-popup-placement='content'\n></div><p>&nbsp;</p>",
    "header": {
        "large": "https://cdn.uc.assets.prezly.com/4f8c0d10-3a9f-489f-a30e-94d9530fd91e/-/preview/1200x1200/-/format/auto/",
        "release": "https://cdn.uc.assets.prezly.com/4f8c0d10-3a9f-489f-a30e-94d9530fd91e/-/preview/1200x1200/-/format/auto/"
    },
    "videos": [
        {
            "caption": "Bucharest Design Festival \u2022 20 mai - 21 iunie",
            "thumbnail": "https://img.youtube.com/vi/6oyFDLWn_XI/maxresdefault.jpg",
            "url": "https://www.youtube.com/watch?v=6oyFDLWn_XI",
            "embed": "<div><div style=\"left: 0; width: 100%; height: 0; position: relative; padding-bottom: 56.25%;\"><iframe data-iframely-url=\"https://cdn.iframe.ly/api/iframe?url=https%3A%2F%2Fwww.youtube.com%2Fwatch%3Fv%3D6oyFDLWn_XI%23_cb1772180218&key=8fe6cdec03482ac31f27a6ae8ea2fb3f\" data-img style=\"top: 0; left: 0; width: 100%; height: 100%; position: absolute; border: 0;\" allowfullscreen scrolling=\"no\" allow=\"accelerometer *; clipboard-write *; encrypted-media *; gyroscope *; picture-in-picture *; web-share *;\"></iframe></div></div><script async src=\"https://cdn.iframe.ly/embed.js\" charset=\"utf-8\"></script>"
        }
    ],
    "images": [
        {
            "caption": "",
            "original": "https://cdn.uc.assets.prezly.com/a9966451-c6e0-4d60-a841-6b116b16a310/",
            "medium": "https://cdn.uc.assets.prezly.com/a9966451-c6e0-4d60-a841-6b116b16a310/-/preview/500x500/-/format/auto/",
            "small": "https://cdn.uc.assets.prezly.com/a9966451-c6e0-4d60-a841-6b116b16a310/-/preview/200x200/-/format/auto/",
            "thumbnail": "https://cdn.uc.assets.prezly.com/a9966451-c6e0-4d60-a841-6b116b16a310/-/preview/100x100/-/format/auto/",
            "square": "https://cdn.uc.assets.prezly.com/a9966451-c6e0-4d60-a841-6b116b16a310/-/scale_crop/200x200/center/-/format/auto/",
            "squaresmall": "https://cdn.uc.assets.prezly.com/a9966451-c6e0-4d60-a841-6b116b16a310/-/scale_crop/58x58/center/-/format/auto/"
        },
        {
            "caption": "",
            "original": "https://cdn.uc.assets.prezly.com/681bbe4f-b8fe-4d2c-861d-c130a6f9f681/",
            "medium": "https://cdn.uc.assets.prezly.com/681bbe4f-b8fe-4d2c-861d-c130a6f9f681/-/preview/500x500/-/format/auto/",
            "small": "https://cdn.uc.assets.prezly.com/681bbe4f-b8fe-4d2c-861d-c130a6f9f681/-/preview/200x200/-/format/auto/",
            "thumbnail": "https://cdn.uc.assets.prezly.com/681bbe4f-b8fe-4d2c-861d-c130a6f9f681/-/preview/100x100/-/format/auto/",
            "square": "https://cdn.uc.assets.prezly.com/681bbe4f-b8fe-4d2c-861d-c130a6f9f681/-/scale_crop/200x200/center/-/format/auto/",
            "squaresmall": "https://cdn.uc.assets.prezly.com/681bbe4f-b8fe-4d2c-861d-c130a6f9f681/-/scale_crop/58x58/center/-/format/auto/"
        },
        {
            "caption": "",
            "original": "https://cdn.uc.assets.prezly.com/40104347-7004-4687-b2f3-3eef32a00c57/",
            "medium": "https://cdn.uc.assets.prezly.com/40104347-7004-4687-b2f3-3eef32a00c57/-/preview/500x500/-/format/auto/",
            "small": "https://cdn.uc.assets.prezly.com/40104347-7004-4687-b2f3-3eef32a00c57/-/preview/200x200/-/format/auto/",
            "thumbnail": "https://cdn.uc.assets.prezly.com/40104347-7004-4687-b2f3-3eef32a00c57/-/preview/100x100/-/format/auto/",
            "square": "https://cdn.uc.assets.prezly.com/40104347-7004-4687-b2f3-3eef32a00c57/-/scale_crop/200x200/center/-/format/auto/",
            "squaresmall": "https://cdn.uc.assets.prezly.com/40104347-7004-4687-b2f3-3eef32a00c57/-/scale_crop/58x58/center/-/format/auto/"
        },
        {
            "caption": "",
            "original": "https://cdn.uc.assets.prezly.com/33124020-a496-49b6-85cb-5463c33c52dc/",
            "medium": "https://cdn.uc.assets.prezly.com/33124020-a496-49b6-85cb-5463c33c52dc/-/preview/500x500/-/format/auto/",
            "small": "https://cdn.uc.assets.prezly.com/33124020-a496-49b6-85cb-5463c33c52dc/-/preview/200x200/-/format/auto/",
            "thumbnail": "https://cdn.uc.assets.prezly.com/33124020-a496-49b6-85cb-5463c33c52dc/-/preview/100x100/-/format/auto/",
            "square": "https://cdn.uc.assets.prezly.com/33124020-a496-49b6-85cb-5463c33c52dc/-/scale_crop/200x200/center/-/format/auto/",
            "squaresmall": "https://cdn.uc.assets.prezly.com/33124020-a496-49b6-85cb-5463c33c52dc/-/scale_crop/58x58/center/-/format/auto/"
        },
        {
            "caption": "",
            "original": "https://cdn.uc.assets.prezly.com/581fdce2-3fab-4190-9ab5-a5b9b49cf8f9/",
            "medium": "https://cdn.uc.assets.prezly.com/581fdce2-3fab-4190-9ab5-a5b9b49cf8f9/-/preview/500x500/-/format/auto/",
            "small": "https://cdn.uc.assets.prezly.com/581fdce2-3fab-4190-9ab5-a5b9b49cf8f9/-/preview/200x200/-/format/auto/",
            "thumbnail": "https://cdn.uc.assets.prezly.com/581fdce2-3fab-4190-9ab5-a5b9b49cf8f9/-/preview/100x100/-/format/auto/",
            "square": "https://cdn.uc.assets.prezly.com/581fdce2-3fab-4190-9ab5-a5b9b49cf8f9/-/scale_crop/200x200/center/-/format/auto/",
            "squaresmall": "https://cdn.uc.assets.prezly.com/581fdce2-3fab-4190-9ab5-a5b9b49cf8f9/-/scale_crop/58x58/center/-/format/auto/"
        },
        {
            "caption": "",
            "original": "https://cdn.uc.assets.prezly.com/1415e074-124f-4c42-b062-b701e28c8ce7/",
            "medium": "https://cdn.uc.assets.prezly.com/1415e074-124f-4c42-b062-b701e28c8ce7/-/preview/500x500/-/format/auto/",
            "small": "https://cdn.uc.assets.prezly.com/1415e074-124f-4c42-b062-b701e28c8ce7/-/preview/200x200/-/format/auto/",
            "thumbnail": "https://cdn.uc.assets.prezly.com/1415e074-124f-4c42-b062-b701e28c8ce7/-/preview/100x100/-/format/auto/",
            "square": "https://cdn.uc.assets.prezly.com/1415e074-124f-4c42-b062-b701e28c8ce7/-/scale_crop/200x200/center/-/format/auto/",
            "squaresmall": "https://cdn.uc.assets.prezly.com/1415e074-124f-4c42-b062-b701e28c8ce7/-/scale_crop/58x58/center/-/format/auto/"
        },
        {
            "caption": "DIPLOMA Show 2025 by Mihai Ciobanu",
            "original": "https://cdn.uc.assets.prezly.com/74f75f09-c521-44e1-9fc7-f1f2014ab571/",
            "medium": "https://cdn.uc.assets.prezly.com/74f75f09-c521-44e1-9fc7-f1f2014ab571/-/preview/500x500/-/format/auto/",
            "small": "https://cdn.uc.assets.prezly.com/74f75f09-c521-44e1-9fc7-f1f2014ab571/-/preview/200x200/-/format/auto/",
            "thumbnail": "https://cdn.uc.assets.prezly.com/74f75f09-c521-44e1-9fc7-f1f2014ab571/-/preview/100x100/-/format/auto/",
            "square": "https://cdn.uc.assets.prezly.com/74f75f09-c521-44e1-9fc7-f1f2014ab571/-/scale_crop/200x200/center/-/format/auto/",
            "squaresmall": "https://cdn.uc.assets.prezly.com/74f75f09-c521-44e1-9fc7-f1f2014ab571/-/scale_crop/58x58/center/-/format/auto/"
        },
        {
            "caption": "",
            "original": "https://cdn.uc.assets.prezly.com/581fdce2-3fab-4190-9ab5-a5b9b49cf8f9/",
            "medium": "https://cdn.uc.assets.prezly.com/581fdce2-3fab-4190-9ab5-a5b9b49cf8f9/-/preview/500x500/-/format/auto/",
            "small": "https://cdn.uc.assets.prezly.com/581fdce2-3fab-4190-9ab5-a5b9b49cf8f9/-/preview/200x200/-/format/auto/",
            "thumbnail": "https://cdn.uc.assets.prezly.com/581fdce2-3fab-4190-9ab5-a5b9b49cf8f9/-/preview/100x100/-/format/auto/",
            "square": "https://cdn.uc.assets.prezly.com/581fdce2-3fab-4190-9ab5-a5b9b49cf8f9/-/scale_crop/200x200/center/-/format/auto/",
            "squaresmall": "https://cdn.uc.assets.prezly.com/581fdce2-3fab-4190-9ab5-a5b9b49cf8f9/-/scale_crop/58x58/center/-/format/auto/"
        }
    ],
    "links": [
        {
            "description": "The Institute",
            "url": "https://institute.ro/bucharestdesignfestival"
        },
        {
            "description": "Bucharest Design Festival (@bucharestdesignfestival) \u2022 Instagram profile",
            "url": "https://www.instagram.com/bucharestdesignfestival/"
        },
        {
            "description": "facebook.com/bucharestdesignfestival",
            "url": "https://www.facebook.com/bucharestdesignfestival/"
        }
    ],
    "contacts": [
        {
            "name": "Andreea Bara",
            "company": "LazarBara Creative PR",
            "description": "Managing Partner",
            "email": "andreea@lazarabara.ro",
            "website": "https://lazarbara.ro",
            "address": null,
            "telephone": null,
            "mobile": "+40 744 602 818",
            "twitter": null,
            "facebook": null
        }
    ],
    "author": {
        "first_name": "Adrian",
        "last_name": "Lazar"
    },
    "format_version": 5
}